{"id":497,"date":"2013-04-15T00:20:27","date_gmt":"2013-04-15T02:20:27","guid":{"rendered":"http:\/\/www.encontrasavassi.com.br\/noticias\/?p=497"},"modified":"2013-08-19T10:41:23","modified_gmt":"2013-08-19T12:41:23","slug":"guarda-municipal-de-americana-divulga-video-com-prisao-de-neonazista-da-savassi","status":"publish","type":"post","link":"https:\/\/www.encontrasavassi.com.br\/noticias\/guarda-municipal-de-americana-divulga-video-com-prisao-de-neonazista-da-savassi\/","title":{"rendered":"Guarda Municipal de Americana divulga v\u00eddeo com pris\u00e3o de neonazista da Savassi"},"content":{"rendered":"<p>A Guarda Municipal de Americana, no Estado de S\u00e3o Paulo, divulgou o v\u00eddeo do momento da pris\u00e3o de\u00a0Antonio Donato Baudson Peret, neonazista a autointitulado skinhead que postou uma foto no bairro da Savassi onde supostamente agredia um morador de rua na Savassi na \u00faltima semana de mar\u00e7o. Antonio tamb\u00e9m esteve envolvido em pelo menos mais outros quatro casos de agress\u00e3o nas ruas da cidade de Belo Horizonte e S\u00e3o Paulo.<\/p>\n<p>Como mostra o v\u00eddeo, gravado pela pr\u00f3pria Guarda Municipal, Antonio foi preso ao chegar na rodovi\u00e1ria de Americana neste domingo (14). Ele\u00a0estava na cidade em visita \u00e0 a namorada ap\u00f3s voltar da casa de uma av\u00f3 na cidade de S\u00e3o Paulo.\u00a0Com ele foram apreendidas duas facas, um fac\u00e3o e um soco ingl\u00eas.<\/p>\n<p>Antonio e a namorada foram levados ao plant\u00e3o policial da Delegacia Seccional de Americana. A garota foi liberada ap\u00f3s prestar depoimento. Antonio j\u00e1 est\u00e1 em MG onde cumprir\u00e1 30 dias de pris\u00e3o preventiva para o prosseguimento das investiga\u00e7\u00f5es.<\/p>\n<p>Al\u00e9m de Ant\u00f4nio, foram presas mais tr\u00eas pessoas em Belo Horizonte, por Apologia ao Crime, com os agravantes de Racismo e Nazismo, e Forma\u00e7\u00e3o de Quadrilha. Os quatro, de acordo com a pol\u00edcia, s\u00e3o skinheads e praticam violenta intoler\u00e2ncia contra \u00a0moradores de rua, usu\u00e1rios de drogas, homossexuais, punks, skatistas, negros e, em alguns casos, mulheres.<\/p>\n<p>Antonio foi rastreado ap\u00f3s uma liga\u00e7\u00e3o feita por funcion\u00e1rios de um hotel de Americana na noite de quinta-feira. O telefonema relatava um jovem de comportamento estranho e tend\u00eancias violentas. Al\u00e9m da Guarda Municipal de Americana, a opera\u00e7\u00e3o teve participa\u00e7\u00e3o da Pol\u00edcia Civil de Minas por meio do DEICC (Delegacia Especializada em Investiga\u00e7\u00f5es ao Crime Cibern\u00e9tico) e do Minist\u00e9rio P\u00fablico Estadual mineiro. Antonio havia sido denunciado ao Minist\u00e9rio P\u00fablico pelo\u00a0o Centro Nacional de Defesa de Direitos Humanos da Popula\u00e7\u00e3o em Situa\u00e7\u00e3o de Rua e Catadores de Materiais Recicl\u00e1veis \u2013 CNDDH.<\/p>\n<p><em>Fonte: Na Savassi<\/em><\/p>\n","protected":false},"excerpt":{"rendered":"<p>A Guarda Municipal de Americana, no Estado de S\u00e3o Paulo, divulgou o v\u00eddeo do momento da pris\u00e3o de\u00a0Antonio Donato Baudson Peret, neonazista a autointitulado skinhead que postou uma foto no bairro da Savassi onde supostamente agredia um morador de rua na Savassi na \u00faltima semana de mar\u00e7o. Antonio tamb\u00e9m esteve envolvido em pelo menos mais [&hellip;]<\/p>\n","protected":false},"author":1,"featured_media":0,"comment_status":"open","ping_status":"open","sticky":false,"template":"","format":"standard","meta":{"footnotes":""},"categories":[6],"tags":[15],"class_list":["post-497","post","type-post","status-publish","format-standard","hentry","category-noticias","tag-savasi"],"_links":{"self":[{"href":"https:\/\/www.encontrasavassi.com.br\/noticias\/wp-json\/wp\/v2\/posts\/497","targetHints":{"allow":["GET"]}}],"collection":[{"href":"https:\/\/www.encontrasavassi.com.br\/noticias\/wp-json\/wp\/v2\/posts"}],"about":[{"href":"https:\/\/www.encontrasavassi.com.br\/noticias\/wp-json\/wp\/v2\/types\/post"}],"author":[{"embeddable":true,"href":"https:\/\/www.encontrasavassi.com.br\/noticias\/wp-json\/wp\/v2\/users\/1"}],"replies":[{"embeddable":true,"href":"https:\/\/www.encontrasavassi.com.br\/noticias\/wp-json\/wp\/v2\/comments?post=497"}],"version-history":[{"count":5,"href":"https:\/\/www.encontrasavassi.com.br\/noticias\/wp-json\/wp\/v2\/posts\/497\/revisions"}],"predecessor-version":[{"id":776,"href":"https:\/\/www.encontrasavassi.com.br\/noticias\/wp-json\/wp\/v2\/posts\/497\/revisions\/776"}],"wp:attachment":[{"href":"https:\/\/www.encontrasavassi.com.br\/noticias\/wp-json\/wp\/v2\/media?parent=497"}],"wp:term":[{"taxonomy":"category","embeddable":true,"href":"https:\/\/www.encontrasavassi.com.br\/noticias\/wp-json\/wp\/v2\/categories?post=497"},{"taxonomy":"post_tag","embeddable":true,"href":"https:\/\/www.encontrasavassi.com.br\/noticias\/wp-json\/wp\/v2\/tags?post=497"}],"curies":[{"name":"wp","href":"https:\/\/api.w.org\/{rel}","templated":true}]}}