{"id":275,"date":"2012-11-08T05:00:34","date_gmt":"2012-11-08T07:00:34","guid":{"rendered":"http:\/\/www.encontrasavassi.com.br\/noticias\/?p=275"},"modified":"2013-08-19T10:41:19","modified_gmt":"2013-08-19T12:41:19","slug":"espaco-tim-ufmg-recebe-mostra-de-fotografias-do-universo-na-savassi","status":"publish","type":"post","link":"https:\/\/www.encontrasavassi.com.br\/noticias\/espaco-tim-ufmg-recebe-mostra-de-fotografias-do-universo-na-savassi\/","title":{"rendered":"Espa\u00e7o TIM UFMG recebe mostra de fotografias do universo na Savassi"},"content":{"rendered":"<p>Desde ontem (7), o Espa\u00e7o TIM UMFG do Conhecimento, na Pra\u00e7a da Liberdade, recebe a exposi\u00e7\u00e3o \u201cUniverso Incr\u00edvel\u201d, que traz fotografias do espa\u00e7o tiradas pelo Observat\u00f3rio Europeu do Sul (ESO, em ingl\u00eas).<\/p>\n<p>As imagens de gal\u00e1xias, nebulosas e aglomerados de estrelas foram produzidas durante os 50 anos de funcionamento do ESO. Ao longo deste ano e de 2013, a mostra dever\u00e1 percorrer espa\u00e7os p\u00fablicos, museus, galerias de arte e outros espa\u00e7os no Brasil e no mundo.<\/p>\n<p>O ESO, que \u00e9 considerado o conjunto de observat\u00f3rios terrestres mais produtivos do mundo,\u00a0\u00e9 um grupo formado por Alemanha, B\u00e9lgica, Fran\u00e7a, Holanda e Su\u00e9cia que opera tr\u00eas observat\u00f3rios no Chile (veja no mapa).<\/p>\n<p>A exposi\u00e7\u00e3o fica aberta ao p\u00fablico at\u00e9 o dia 10 de dezembro. As fotografias est\u00e3o no terra\u00e7o astron\u00f4mico do edif\u00edcio, no quinto andar. A entrada \u00e9 gratuita.<\/p>\n<p><strong>Servi\u00e7o:<\/strong><\/p>\n<p>Exposi\u00e7\u00e3o \u201cUniverso Incr\u00edvel\u201d \u2013 fotografias do espa\u00e7o pelo observat\u00f3rio ESO, no Chile<br \/>\nData: de 7 de novembro a 10 de dezembro, de\u00a0ter\u00e7a a domingo, das 10h \u00e0s 17h; e quintas, das 10h \u00e0s 21h.<br \/>\nLocal: Espa\u00e7o TIM UFMG do Conhecimento \u2013 Circuito Pra\u00e7a da Liberdade<br \/>\nEntrada: gratuita<br \/>\nInforma\u00e7\u00f5es: 3409-8350<\/p>\n<p><em>Fonte: Na Savassi<\/em><\/p>\n","protected":false},"excerpt":{"rendered":"<p>Desde ontem (7), o Espa\u00e7o TIM UMFG do Conhecimento, na Pra\u00e7a da Liberdade, recebe a exposi\u00e7\u00e3o \u201cUniverso Incr\u00edvel\u201d, que traz fotografias do espa\u00e7o tiradas pelo Observat\u00f3rio Europeu do Sul (ESO, em ingl\u00eas). As imagens de gal\u00e1xias, nebulosas e aglomerados de estrelas foram produzidas durante os 50 anos de funcionamento do ESO. Ao longo deste ano [&hellip;]<\/p>\n","protected":false},"author":1,"featured_media":0,"comment_status":"open","ping_status":"open","sticky":false,"template":"","format":"standard","meta":{"footnotes":""},"categories":[5,6,8],"tags":[14],"class_list":["post-275","post","type-post","status-publish","format-standard","hentry","category-eventos","category-noticias","category-servicos","tag-savassi"],"_links":{"self":[{"href":"https:\/\/www.encontrasavassi.com.br\/noticias\/wp-json\/wp\/v2\/posts\/275","targetHints":{"allow":["GET"]}}],"collection":[{"href":"https:\/\/www.encontrasavassi.com.br\/noticias\/wp-json\/wp\/v2\/posts"}],"about":[{"href":"https:\/\/www.encontrasavassi.com.br\/noticias\/wp-json\/wp\/v2\/types\/post"}],"author":[{"embeddable":true,"href":"https:\/\/www.encontrasavassi.com.br\/noticias\/wp-json\/wp\/v2\/users\/1"}],"replies":[{"embeddable":true,"href":"https:\/\/www.encontrasavassi.com.br\/noticias\/wp-json\/wp\/v2\/comments?post=275"}],"version-history":[{"count":2,"href":"https:\/\/www.encontrasavassi.com.br\/noticias\/wp-json\/wp\/v2\/posts\/275\/revisions"}],"predecessor-version":[{"id":695,"href":"https:\/\/www.encontrasavassi.com.br\/noticias\/wp-json\/wp\/v2\/posts\/275\/revisions\/695"}],"wp:attachment":[{"href":"https:\/\/www.encontrasavassi.com.br\/noticias\/wp-json\/wp\/v2\/media?parent=275"}],"wp:term":[{"taxonomy":"category","embeddable":true,"href":"https:\/\/www.encontrasavassi.com.br\/noticias\/wp-json\/wp\/v2\/categories?post=275"},{"taxonomy":"post_tag","embeddable":true,"href":"https:\/\/www.encontrasavassi.com.br\/noticias\/wp-json\/wp\/v2\/tags?post=275"}],"curies":[{"name":"wp","href":"https:\/\/api.w.org\/{rel}","templated":true}]}}