{"id":125,"date":"2012-08-20T08:00:32","date_gmt":"2012-08-20T10:00:32","guid":{"rendered":"http:\/\/www.encontrasavassi.com.br\/noticias\/?p=125"},"modified":"2013-08-19T10:41:17","modified_gmt":"2013-08-19T12:41:17","slug":"savassi-praca-da-liberdade-recebe-comemoracao-pelo-dia-do-patrimonimo","status":"publish","type":"post","link":"https:\/\/www.encontrasavassi.com.br\/noticias\/savassi-praca-da-liberdade-recebe-comemoracao-pelo-dia-do-patrimonimo\/","title":{"rendered":"Savassi: Pra\u00e7a da Liberdade recebe comemora\u00e7\u00e3o pelo Dia do Patrim\u00f4nimo"},"content":{"rendered":"<p>A Pra\u00e7a da Liberdade recebeu, em 18 de agosto, a comemora\u00e7\u00e3o pelo Dia do Patrim\u00f4nio Hist\u00f3rico. Entre as atra\u00e7\u00f5es esteve a confec\u00e7\u00e3o de um tapete de serragem \u2013 um dos s\u00edmbolos das manifesta\u00e7\u00f5es culturais do Estado de Minas Gerais.<\/p>\n<p>O p\u00fablico p\u00f4de participar da montagem do tapete, na alameda da Travessia.\u00a0 Haver\u00e1 tamb\u00e9m narra\u00e7\u00e3o de hist\u00f3rias, apresenta\u00e7\u00f5es musicais, como da Banda Jovem de Contagem e da Sociedade Musical Bom Jesus das Flores, de Ouro Preto. Colchas artesanais do munic\u00edpio de Resende Costa e estandartes religiosos tamb\u00e9m v\u00e3o ficar em exposi\u00e7\u00e3o.<\/p>\n<p><em>Fonte: Na Savassi<\/em><\/p>\n","protected":false},"excerpt":{"rendered":"<p>A Pra\u00e7a da Liberdade recebeu, em 18 de agosto, a comemora\u00e7\u00e3o pelo Dia do Patrim\u00f4nio Hist\u00f3rico. Entre as atra\u00e7\u00f5es esteve a confec\u00e7\u00e3o de um tapete de serragem \u2013 um dos s\u00edmbolos das manifesta\u00e7\u00f5es culturais do Estado de Minas Gerais. O p\u00fablico p\u00f4de participar da montagem do tapete, na alameda da Travessia.\u00a0 Haver\u00e1 tamb\u00e9m narra\u00e7\u00e3o de [&hellip;]<\/p>\n","protected":false},"author":1,"featured_media":0,"comment_status":"open","ping_status":"open","sticky":false,"template":"","format":"standard","meta":{"footnotes":""},"categories":[6],"tags":[14],"class_list":["post-125","post","type-post","status-publish","format-standard","hentry","category-noticias","tag-savassi"],"_links":{"self":[{"href":"https:\/\/www.encontrasavassi.com.br\/noticias\/wp-json\/wp\/v2\/posts\/125","targetHints":{"allow":["GET"]}}],"collection":[{"href":"https:\/\/www.encontrasavassi.com.br\/noticias\/wp-json\/wp\/v2\/posts"}],"about":[{"href":"https:\/\/www.encontrasavassi.com.br\/noticias\/wp-json\/wp\/v2\/types\/post"}],"author":[{"embeddable":true,"href":"https:\/\/www.encontrasavassi.com.br\/noticias\/wp-json\/wp\/v2\/users\/1"}],"replies":[{"embeddable":true,"href":"https:\/\/www.encontrasavassi.com.br\/noticias\/wp-json\/wp\/v2\/comments?post=125"}],"version-history":[{"count":3,"href":"https:\/\/www.encontrasavassi.com.br\/noticias\/wp-json\/wp\/v2\/posts\/125\/revisions"}],"predecessor-version":[{"id":665,"href":"https:\/\/www.encontrasavassi.com.br\/noticias\/wp-json\/wp\/v2\/posts\/125\/revisions\/665"}],"wp:attachment":[{"href":"https:\/\/www.encontrasavassi.com.br\/noticias\/wp-json\/wp\/v2\/media?parent=125"}],"wp:term":[{"taxonomy":"category","embeddable":true,"href":"https:\/\/www.encontrasavassi.com.br\/noticias\/wp-json\/wp\/v2\/categories?post=125"},{"taxonomy":"post_tag","embeddable":true,"href":"https:\/\/www.encontrasavassi.com.br\/noticias\/wp-json\/wp\/v2\/tags?post=125"}],"curies":[{"name":"wp","href":"https:\/\/api.w.org\/{rel}","templated":true}]}}